{"id":61064526,"date":"2026-04-30T07:14:34","date_gmt":"2026-04-30T07:14:34","guid":{"rendered":"https:\/\/api.ibilimenaje.com\/?p=61064526"},"modified":"2026-04-30T07:20:41","modified_gmt":"2026-04-30T07:20:41","slug":"le-groupe-lacor-ibili-a-recu-le-prix-eragin-dans-le-cadre-de-linitiative-eraldatu-euskadi-agenda-2030","status":"publish","type":"post","link":"https:\/\/api.ibilimenaje.com\/fr-ca\/2026\/04\/30\/le-groupe-lacor-ibili-a-recu-le-prix-eragin-dans-le-cadre-de-linitiative-eraldatu-euskadi-agenda-2030\/","title":{"rendered":"Le Groupe Lacor-Ibili a re\u00e7u le Prix Eragin dans le cadre de l\u2019initiative Eraldatu Euskadi Agenda 2030"},"content":{"rendered":"<p>Promu par la Pr\u00e9sidence du Gouvernement basque, ce prix reconna\u00eet le travail des organisations qui int\u00e8grent les ODD dans leur gestion interne et s\u2019engagent en faveur d\u2019une comp\u00e9titivit\u00e9 plus durable.<\/p>\n<p>La c\u00e9r\u00e9monie de remise des prix s\u2019est tenue le 29 avril au Palais Euskalduna de Bilbao, o\u00f9 des organisations de diff\u00e9rentes tailles et de diff\u00e9rents secteurs ont \u00e9t\u00e9 r\u00e9compens\u00e9es pour leurs avanc\u00e9es et leur contribution dans le domaine des ODD.<\/p>\n<p>Pour le Groupe Lacor-Ibili, ce prix repr\u00e9sente un \u00e9lan important pour continuer \u00e0 renforcer les bonnes pratiques et \u00e0 \u0153uvrer en faveur d\u2019une gestion responsable et durable, align\u00e9e sur les d\u00e9fis de l\u2019Agenda 2030.<\/p>\n<p><a href=\"https:\/\/kudeaketa.euskalit.net\/el-premio-euskadi-agenda-2030-reconoce-a-102-organizaciones-y-empresas-por-su-compromiso-con-los-objetivos-de-desarrollo-sostenible-ods\/\">Voir l&#8217;article<\/a><\/p>\n","protected":false},"excerpt":{"rendered":"<p>Promu par la Pr\u00e9sidence du Gouvernement basque, ce prix reconna\u00eet le travail des organisations qui int\u00e8grent les ODD dans leur gestion interne et s\u2019engagent en faveur d\u2019une comp\u00e9titivit\u00e9 plus durable. La c\u00e9r\u00e9monie de remise des prix s\u2019est tenue le 29 avril au Palais Euskalduna de Bilbao, o\u00f9 des organisations de diff\u00e9rentes tailles et de diff\u00e9rents&hellip; <a class=\"more-link\" href=\"https:\/\/api.ibilimenaje.com\/fr-ca\/2026\/04\/30\/le-groupe-lacor-ibili-a-recu-le-prix-eragin-dans-le-cadre-de-linitiative-eraldatu-euskadi-agenda-2030\/\">Continue reading <span class=\"screen-reader-text\">Le Groupe Lacor-Ibili a re\u00e7u le Prix Eragin dans le cadre de l\u2019initiative Eraldatu Euskadi Agenda 2030<\/span><\/a><\/p>\n","protected":false},"author":6,"featured_media":0,"comment_status":"closed","ping_status":"closed","sticky":false,"template":"","format":"standard","meta":{"footnotes":""},"categories":[678],"tags":[],"class_list":["post-61064526","post","type-post","status-publish","format-standard","hentry","category-uncategorized-fr-ca","entry"],"acf":[],"yoast_head":"<!-- This site is optimized with the Yoast SEO plugin v22.6 - https:\/\/yoast.com\/wordpress\/plugins\/seo\/ -->\n<title>Le Groupe Lacor-Ibili a re\u00e7u le Prix Eragin dans le cadre de l\u2019initiative Eraldatu Euskadi Agenda 2030 - Ibili Stage<\/title>\n<meta name=\"robots\" content=\"noindex, follow, max-snippet:-1, max-image-preview:large, max-video-preview:-1\" \/>\n<meta property=\"og:locale\" content=\"fr_CA\" \/>\n<meta property=\"og:type\" content=\"article\" \/>\n<meta property=\"og:title\" content=\"Le Groupe Lacor-Ibili a re\u00e7u le Prix Eragin dans le cadre de l\u2019initiative Eraldatu Euskadi Agenda 2030 - Ibili Stage\" \/>\n<meta property=\"og:description\" content=\"Promu par la Pr\u00e9sidence du Gouvernement basque, ce prix reconna\u00eet le travail des organisations qui int\u00e8grent les ODD dans leur gestion interne et s\u2019engagent en faveur d\u2019une comp\u00e9titivit\u00e9 plus durable. La c\u00e9r\u00e9monie de remise des prix s\u2019est tenue le 29 avril au Palais Euskalduna de Bilbao, o\u00f9 des organisations de diff\u00e9rentes tailles et de diff\u00e9rents&hellip; Continue reading Le Groupe Lacor-Ibili a re\u00e7u le Prix Eragin dans le cadre de l\u2019initiative Eraldatu Euskadi Agenda 2030\" \/>\n<meta property=\"og:url\" content=\"https:\/\/api.ibilimenaje.com\/fr-ca\/2026\/04\/30\/le-groupe-lacor-ibili-a-recu-le-prix-eragin-dans-le-cadre-de-linitiative-eraldatu-euskadi-agenda-2030\/\" \/>\n<meta property=\"og:site_name\" content=\"Ibili Stage\" \/>\n<meta property=\"article:published_time\" content=\"2026-04-30T07:14:34+00:00\" \/>\n<meta property=\"article:modified_time\" content=\"2026-04-30T07:20:41+00:00\" \/>\n<meta name=\"author\" content=\"Ibili Administrador\" \/>\n<meta name=\"twitter:card\" content=\"summary_large_image\" \/>\n<meta name=\"twitter:label1\" content=\"\u00c9crit par\" \/>\n\t<meta name=\"twitter:data1\" content=\"Ibili Administrador\" \/>\n\t<meta name=\"twitter:label2\" content=\"Estimation du temps de lecture\" \/>\n\t<meta name=\"twitter:data2\" content=\"1 minute\" \/>\n<script type=\"application\/ld+json\" class=\"yoast-schema-graph\">{\"@context\":\"https:\/\/schema.org\",\"@graph\":[{\"@type\":\"WebPage\",\"@id\":\"https:\/\/api.ibilimenaje.com\/fr-ca\/2026\/04\/30\/le-groupe-lacor-ibili-a-recu-le-prix-eragin-dans-le-cadre-de-linitiative-eraldatu-euskadi-agenda-2030\/\",\"url\":\"https:\/\/api.ibilimenaje.com\/fr-ca\/2026\/04\/30\/le-groupe-lacor-ibili-a-recu-le-prix-eragin-dans-le-cadre-de-linitiative-eraldatu-euskadi-agenda-2030\/\",\"name\":\"Le Groupe Lacor-Ibili a re\u00e7u le Prix Eragin dans le cadre de l\u2019initiative Eraldatu Euskadi Agenda 2030 - Ibili Stage\",\"isPartOf\":{\"@id\":\"https:\/\/api.ibilimenaje.com\/es\/#website\"},\"datePublished\":\"2026-04-30T07:14:34+00:00\",\"dateModified\":\"2026-04-30T07:20:41+00:00\",\"author\":{\"@id\":\"https:\/\/api.ibilimenaje.com\/es\/#\/schema\/person\/b3d5c859277cc18d535d0af237796ad8\"},\"breadcrumb\":{\"@id\":\"https:\/\/api.ibilimenaje.com\/fr-ca\/2026\/04\/30\/le-groupe-lacor-ibili-a-recu-le-prix-eragin-dans-le-cadre-de-linitiative-eraldatu-euskadi-agenda-2030\/#breadcrumb\"},\"inLanguage\":\"fr-CA\",\"potentialAction\":[{\"@type\":\"ReadAction\",\"target\":[\"https:\/\/api.ibilimenaje.com\/fr-ca\/2026\/04\/30\/le-groupe-lacor-ibili-a-recu-le-prix-eragin-dans-le-cadre-de-linitiative-eraldatu-euskadi-agenda-2030\/\"]}]},{\"@type\":\"BreadcrumbList\",\"@id\":\"https:\/\/api.ibilimenaje.com\/fr-ca\/2026\/04\/30\/le-groupe-lacor-ibili-a-recu-le-prix-eragin-dans-le-cadre-de-linitiative-eraldatu-euskadi-agenda-2030\/#breadcrumb\",\"itemListElement\":[{\"@type\":\"ListItem\",\"position\":1,\"name\":\"Portada\",\"item\":\"https:\/\/api.ibilimenaje.com\/es\/\"},{\"@type\":\"ListItem\",\"position\":2,\"name\":\"Le Groupe Lacor-Ibili a re\u00e7u le Prix Eragin dans le cadre de l\u2019initiative Eraldatu Euskadi Agenda 2030\"}]},{\"@type\":\"WebSite\",\"@id\":\"https:\/\/api.ibilimenaje.com\/es\/#website\",\"url\":\"https:\/\/api.ibilimenaje.com\/es\/\",\"name\":\"Ibili Stage\",\"description\":\"Otro sitio realizado con WordPress\",\"potentialAction\":[{\"@type\":\"SearchAction\",\"target\":{\"@type\":\"EntryPoint\",\"urlTemplate\":\"https:\/\/api.ibilimenaje.com\/es\/?s={search_term_string}\"},\"query-input\":\"required name=search_term_string\"}],\"inLanguage\":\"fr-CA\"},{\"@type\":\"Person\",\"@id\":\"https:\/\/api.ibilimenaje.com\/es\/#\/schema\/person\/b3d5c859277cc18d535d0af237796ad8\",\"name\":\"Ibili Administrador\",\"url\":\"https:\/\/api.ibilimenaje.com\/fr-ca\/author\/ibiliadmin\/\"}]}<\/script>\n<!-- \/ Yoast SEO plugin. -->","yoast_head_json":{"title":"Le Groupe Lacor-Ibili a re\u00e7u le Prix Eragin dans le cadre de l\u2019initiative Eraldatu Euskadi Agenda 2030 - Ibili Stage","robots":{"index":"noindex","follow":"follow","max-snippet":"max-snippet:-1","max-image-preview":"max-image-preview:large","max-video-preview":"max-video-preview:-1"},"og_locale":"fr_CA","og_type":"article","og_title":"Le Groupe Lacor-Ibili a re\u00e7u le Prix Eragin dans le cadre de l\u2019initiative Eraldatu Euskadi Agenda 2030 - Ibili Stage","og_description":"Promu par la Pr\u00e9sidence du Gouvernement basque, ce prix reconna\u00eet le travail des organisations qui int\u00e8grent les ODD dans leur gestion interne et s\u2019engagent en faveur d\u2019une comp\u00e9titivit\u00e9 plus durable. La c\u00e9r\u00e9monie de remise des prix s\u2019est tenue le 29 avril au Palais Euskalduna de Bilbao, o\u00f9 des organisations de diff\u00e9rentes tailles et de diff\u00e9rents&hellip; Continue reading Le Groupe Lacor-Ibili a re\u00e7u le Prix Eragin dans le cadre de l\u2019initiative Eraldatu Euskadi Agenda 2030","og_url":"https:\/\/api.ibilimenaje.com\/fr-ca\/2026\/04\/30\/le-groupe-lacor-ibili-a-recu-le-prix-eragin-dans-le-cadre-de-linitiative-eraldatu-euskadi-agenda-2030\/","og_site_name":"Ibili Stage","article_published_time":"2026-04-30T07:14:34+00:00","article_modified_time":"2026-04-30T07:20:41+00:00","author":"Ibili Administrador","twitter_card":"summary_large_image","twitter_misc":{"\u00c9crit par":"Ibili Administrador","Estimation du temps de lecture":"1 minute"},"schema":{"@context":"https:\/\/schema.org","@graph":[{"@type":"WebPage","@id":"https:\/\/api.ibilimenaje.com\/fr-ca\/2026\/04\/30\/le-groupe-lacor-ibili-a-recu-le-prix-eragin-dans-le-cadre-de-linitiative-eraldatu-euskadi-agenda-2030\/","url":"https:\/\/api.ibilimenaje.com\/fr-ca\/2026\/04\/30\/le-groupe-lacor-ibili-a-recu-le-prix-eragin-dans-le-cadre-de-linitiative-eraldatu-euskadi-agenda-2030\/","name":"Le Groupe Lacor-Ibili a re\u00e7u le Prix Eragin dans le cadre de l\u2019initiative Eraldatu Euskadi Agenda 2030 - Ibili Stage","isPartOf":{"@id":"https:\/\/api.ibilimenaje.com\/es\/#website"},"datePublished":"2026-04-30T07:14:34+00:00","dateModified":"2026-04-30T07:20:41+00:00","author":{"@id":"https:\/\/api.ibilimenaje.com\/es\/#\/schema\/person\/b3d5c859277cc18d535d0af237796ad8"},"breadcrumb":{"@id":"https:\/\/api.ibilimenaje.com\/fr-ca\/2026\/04\/30\/le-groupe-lacor-ibili-a-recu-le-prix-eragin-dans-le-cadre-de-linitiative-eraldatu-euskadi-agenda-2030\/#breadcrumb"},"inLanguage":"fr-CA","potentialAction":[{"@type":"ReadAction","target":["https:\/\/api.ibilimenaje.com\/fr-ca\/2026\/04\/30\/le-groupe-lacor-ibili-a-recu-le-prix-eragin-dans-le-cadre-de-linitiative-eraldatu-euskadi-agenda-2030\/"]}]},{"@type":"BreadcrumbList","@id":"https:\/\/api.ibilimenaje.com\/fr-ca\/2026\/04\/30\/le-groupe-lacor-ibili-a-recu-le-prix-eragin-dans-le-cadre-de-linitiative-eraldatu-euskadi-agenda-2030\/#breadcrumb","itemListElement":[{"@type":"ListItem","position":1,"name":"Portada","item":"https:\/\/api.ibilimenaje.com\/es\/"},{"@type":"ListItem","position":2,"name":"Le Groupe Lacor-Ibili a re\u00e7u le Prix Eragin dans le cadre de l\u2019initiative Eraldatu Euskadi Agenda 2030"}]},{"@type":"WebSite","@id":"https:\/\/api.ibilimenaje.com\/es\/#website","url":"https:\/\/api.ibilimenaje.com\/es\/","name":"Ibili Stage","description":"Otro sitio realizado con WordPress","potentialAction":[{"@type":"SearchAction","target":{"@type":"EntryPoint","urlTemplate":"https:\/\/api.ibilimenaje.com\/es\/?s={search_term_string}"},"query-input":"required name=search_term_string"}],"inLanguage":"fr-CA"},{"@type":"Person","@id":"https:\/\/api.ibilimenaje.com\/es\/#\/schema\/person\/b3d5c859277cc18d535d0af237796ad8","name":"Ibili Administrador","url":"https:\/\/api.ibilimenaje.com\/fr-ca\/author\/ibiliadmin\/"}]}},"_links":{"self":[{"href":"https:\/\/api.ibilimenaje.com\/fr-ca\/wp-json\/wp\/v2\/posts\/61064526","targetHints":{"allow":["GET"]}}],"collection":[{"href":"https:\/\/api.ibilimenaje.com\/fr-ca\/wp-json\/wp\/v2\/posts"}],"about":[{"href":"https:\/\/api.ibilimenaje.com\/fr-ca\/wp-json\/wp\/v2\/types\/post"}],"author":[{"embeddable":true,"href":"https:\/\/api.ibilimenaje.com\/fr-ca\/wp-json\/wp\/v2\/users\/6"}],"replies":[{"embeddable":true,"href":"https:\/\/api.ibilimenaje.com\/fr-ca\/wp-json\/wp\/v2\/comments?post=61064526"}],"version-history":[{"count":1,"href":"https:\/\/api.ibilimenaje.com\/fr-ca\/wp-json\/wp\/v2\/posts\/61064526\/revisions"}],"predecessor-version":[{"id":61064527,"href":"https:\/\/api.ibilimenaje.com\/fr-ca\/wp-json\/wp\/v2\/posts\/61064526\/revisions\/61064527"}],"wp:attachment":[{"href":"https:\/\/api.ibilimenaje.com\/fr-ca\/wp-json\/wp\/v2\/media?parent=61064526"}],"wp:term":[{"taxonomy":"category","embeddable":true,"href":"https:\/\/api.ibilimenaje.com\/fr-ca\/wp-json\/wp\/v2\/categories?post=61064526"},{"taxonomy":"post_tag","embeddable":true,"href":"https:\/\/api.ibilimenaje.com\/fr-ca\/wp-json\/wp\/v2\/tags?post=61064526"}],"curies":[{"name":"wp","href":"https:\/\/api.w.org\/{rel}","templated":true}]}}